{"id":695,"date":"2010-08-27T09:57:30","date_gmt":"2010-08-27T09:57:30","guid":{"rendered":"https:\/\/www.buarotti.ch\/?p=695"},"modified":"2011-05-27T09:58:48","modified_gmt":"2011-05-27T09:58:48","slug":"iphone-kalender-sync-exchange","status":"publish","type":"post","link":"https:\/\/www.buarotti.ch\/?p=695","title":{"rendered":"iPhone Kalender Sync Exchange"},"content":{"rendered":"<p>Fehler bei Kalendereintr\u00e4gen<\/p>\n<p>Habe diese Woche bei zwei iPhone 4 Mobile Mail eingerichtet. Bei beiden iPhones waren die Kalendereintr\u00e4ge zeitlich verschoben, so dass die Tagestermine mitten in der Nacht angezeigt wurden. Zeit und L\u00e4ndereinstellung auf dem iPhone waren jeweils korrekt.<\/p>\n<p>Massnahme<\/p>\n<p>Habe danach auf dem iPhone ein Reset (Werkeinstellung) gemacht und das Exchange Profil nochmals eingerichtet, danach hat&#8217;s geklappt.<\/p>\n<p>Wie weiter<\/p>\n<p>Kontrollieren, dass nach der Einrichtung die Kalendereintr\u00e4ge stimmen, ansonsten wie beschrieben Reset machen.<\/p>\n<h3>Related Images:<\/h3>","protected":false},"excerpt":{"rendered":"<p>Fehler bei Kalendereintr\u00e4gen Habe diese Woche bei zwei iPhone 4 Mobile Mail eingerichtet. Bei beiden iPhones waren die Kalendereintr\u00e4ge zeitlich verschoben, so dass die Tagestermine mitten in der Nacht angezeigt wurden. Zeit und L\u00e4ndereinstellung auf dem iPhone waren jeweils korrekt. Massnahme Habe danach auf dem iPhone ein Reset (Werkeinstellung) gemacht und das Exchange Profil nochmals [&hellip;]<\/p>\n","protected":false},"author":1,"featured_media":0,"comment_status":"closed","ping_status":"closed","sticky":false,"template":"","format":"standard","meta":{"ngg_post_thumbnail":0,"footnotes":""},"categories":[6,31],"tags":[],"class_list":["post-695","post","type-post","status-publish","format-standard","hentry","category-iphone","category-it-allgemein"],"_links":{"self":[{"href":"https:\/\/www.buarotti.ch\/index.php?rest_route=\/wp\/v2\/posts\/695","targetHints":{"allow":["GET"]}}],"collection":[{"href":"https:\/\/www.buarotti.ch\/index.php?rest_route=\/wp\/v2\/posts"}],"about":[{"href":"https:\/\/www.buarotti.ch\/index.php?rest_route=\/wp\/v2\/types\/post"}],"author":[{"embeddable":true,"href":"https:\/\/www.buarotti.ch\/index.php?rest_route=\/wp\/v2\/users\/1"}],"replies":[{"embeddable":true,"href":"https:\/\/www.buarotti.ch\/index.php?rest_route=%2Fwp%2Fv2%2Fcomments&post=695"}],"version-history":[{"count":3,"href":"https:\/\/www.buarotti.ch\/index.php?rest_route=\/wp\/v2\/posts\/695\/revisions"}],"predecessor-version":[{"id":698,"href":"https:\/\/www.buarotti.ch\/index.php?rest_route=\/wp\/v2\/posts\/695\/revisions\/698"}],"wp:attachment":[{"href":"https:\/\/www.buarotti.ch\/index.php?rest_route=%2Fwp%2Fv2%2Fmedia&parent=695"}],"wp:term":[{"taxonomy":"category","embeddable":true,"href":"https:\/\/www.buarotti.ch\/index.php?rest_route=%2Fwp%2Fv2%2Fcategories&post=695"},{"taxonomy":"post_tag","embeddable":true,"href":"https:\/\/www.buarotti.ch\/index.php?rest_route=%2Fwp%2Fv2%2Ftags&post=695"}],"curies":[{"name":"wp","href":"https:\/\/api.w.org\/{rel}","templated":true}]}}